{"id":1012,"date":"2016-12-13T12:37:46","date_gmt":"2016-12-13T11:37:46","guid":{"rendered":"http:\/\/www.veroniquenguyen.com\/?p=1012"},"modified":"2017-03-13T11:57:20","modified_gmt":"2017-03-13T10:57:20","slug":"pourquoi-le-monde-va-devenir-de-plus-en-plus-ingouvernable","status":"publish","type":"post","link":"http:\/\/www.veroniquenguyen.com\/en\/pourquoi-le-monde-va-devenir-de-plus-en-plus-ingouvernable\/vero\/13\/12\/2016\/","title":{"rendered":"Pourquoi le monde va devenir de plus en plus ingouvernable"},"content":{"rendered":"<p><em>Les solutions partielles aux difficult\u00e9s actuelles vont accro\u00eetre les tensions et les divisions. Pour sortir de l\u2019impasse, il nous faudrait renoncer \u00e0 la d\u00e9fense du pouvoir d\u2019achat <\/em><\/p>\n<p>A l\u2019heure o\u00f9 les peuples manifestent leur col\u00e8re en votant pour des outsiders qui ont su canaliser leurs frustrations, le consensus mou qui cimentait de nombreux pays occidentaux est en passe d\u2019\u00eatre rompu. L\u2019espoir d\u2019un changement majeur chez les uns g\u00e9n\u00e8re une angoisse visc\u00e9rale chez les autres. De deux choses l\u2019une. Ou les changements promis sont mis en \u0153uvre et l\u2019on peut s\u2019attendre \u00e0 des oppositions violentes \u00e0 l\u2019int\u00e9rieur, comme \u00e0 l\u2019ext\u00e9rieur des pays concern\u00e9s. Ou bien les annonces restent lettre morte et n\u2019engendrent que les habituels programmes de relance \u00e9conomique et de r\u00e9duction du d\u00e9ficit public. Dans les deux cas, les motifs de tension et de division vont s\u2019intensifier. Non seulement aucun rem\u00e8de de fond \u00e0 la mis\u00e8re morale d\u2019une partie croissante, et maintenant majoritaire, de la population ne sera trouv\u00e9 mais les solutions appliqu\u00e9es, dans un monde totalement interconnect\u00e9, risquent fort d\u2019aggraver les probl\u00e8mes et les dissensions.<\/p>\n<p>Les fl\u00e9aux qui nous affligent et qui sont \u00e0 l\u2019origine de la polarisation des opinions publiques, se manifestent par une combinaison variable de sympt\u00f4mes bien connus : pr\u00e9carit\u00e9, paup\u00e9risation pour les pays d\u00e9velopp\u00e9s, incapacit\u00e9 \u00e0 faire \u00e9merger une classe moyenne majoritaire pour les pays \u00e9mergents, surtravail et explosion des burnout, sous-travail et explosion des pathologies de l\u2019estime de soi (d\u00e9pression, addictions autodestructives)\u2026. Quelle est donc la source de ces souffrances, alors m\u00eame que le bien-\u00eatre collectif aurait d\u00fb progresser parall\u00e8lement \u00e0 la hausse ininterrompue du PIB? Osons affronter la r\u00e9ponse et remettre en cause le postulat qui sous-tend l\u2019ordre \u00e9conomique depuis Bretton Woods.<\/p>\n<p>La cause profonde de nos difficult\u00e9s r\u00e9side dans <strong>l\u2019absence de limite \u00e0 la volont\u00e9 de pr\u00e9dation<\/strong>. L\u2019ouverture des march\u00e9s a permis \u00e0 de nombreux acteurs priv\u00e9s de faire avancer leur int\u00e9r\u00eat imm\u00e9diat, co\u00fbte que co\u00fbte et quelles qu\u2019en soient les cons\u00e9quences. Comme le montrent diff\u00e9rents indicateurs socio-\u00e9conomiques et maintenant d\u00e9mographiques (tels que la baisse de l\u2019esp\u00e9rance de vie ou la surmortalit\u00e9 des hommes blancs d\u2019\u00e2ge moyen aux Etats-Unis), le libre-\u00e9change ne sert pas le bien commun mais certains int\u00e9r\u00eats particuliers, auquel il ouvre des espaces inesp\u00e9r\u00e9s de conqu\u00eate et de puissance. Il faudrait admettre, une bonne fois pour toutes, que les march\u00e9s libres et ouverts ne s\u2019autor\u00e9gulent pas, en apportant spontan\u00e9ment bonheur et prosp\u00e9rit\u00e9 \u00e0 l\u2019humanit\u00e9. Pour ceux qui en douteraient, voici un exemple dont nous n\u2019avons toujours pas dig\u00e9r\u00e9 les cons\u00e9quences d\u00e9vastatrices.<\/p>\n<p>Au d\u00e9but des ann\u00e9es 2000, la libre concurrence entre \u00e9tablissements de cr\u00e9dit a aliment\u00e9 une spirale haussi\u00e8re sans pr\u00e9c\u00e9dent sur le march\u00e9 immobilier am\u00e9ricain. Les banques ont rivalis\u00e9 d\u2019ardeur et d\u2019ing\u00e9niosit\u00e9 pour financer des m\u00e9nages \u00e0 la solvabilit\u00e9 incertaine (avec les fameux pr\u00eats <em>subprime<\/em>) et revendre ces cr\u00e9dits bancaires \u00ab\u00a0titris\u00e9s\u00a0\u00bb sur les march\u00e9s. L\u2019envol\u00e9e des prix immobiliers a culmin\u00e9 en 2006. Leur retournement, avec les premiers d\u00e9fauts de paiement et les premi\u00e8res faillites, a provoqu\u00e9 chez les institutions financi\u00e8res un r\u00e9flexe de fuite et de course \u00e0 la liquidit\u00e9. Chacun \u00e9tant vendeur et anxieux, la crise s\u2019est propag\u00e9e \u00e0 d\u2019autres classes d\u2019actifs, d\u00e9connect\u00e9s de l\u2019immobilier am\u00e9ricain. La quasi-totalit\u00e9 des march\u00e9s se sont alors bloqu\u00e9s par d\u00e9faut de liquidit\u00e9. Le syst\u00e8me financier international s\u2019est trouv\u00e9 totalement paralys\u00e9 en 2008 et n\u2019a d\u00fb sa survie qu\u2019\u00e0 l\u2019intervention massive des \u00e9tats et des banques centrales.<\/p>\n<p>La page n\u2019est malheureusement pas tourn\u00e9e. La justice am\u00e9ricaine vient de r\u00e9clamer 14 milliards de dollars \u00e0 la Deutsche Bank pour son implication dans cette bulle du cr\u00e9dit qui s\u2019est transform\u00e9e en bulle immobili\u00e8re, puis en crise financi\u00e8re et \u00e9conomique mondiale. La p\u00e9nalit\u00e9 colossale dont vient d\u2019\u00e9coper la Deutsche Bank suscite \u00e0 nouveau les plus vives inqui\u00e9tudes. La banque allemande n\u2019aurait pas les moyens de la r\u00e9gler et Angela Merkel a annonc\u00e9 que le gouvernement allemand ne mettrait pas la main \u00e0 la poche. Le monde se remet \u00e0 trembler face au risque de crise syst\u00e9mique, dont la faillite de la Deutsche Bank pourrait \u00eatre le d\u00e9tonateur.<\/p>\n<p>Il y a bien quelque chose qui ne va pas dans le monde merveilleux du libre-\u00e9change et de la libre-concurrence. Comme l\u2019a conc\u00e9d\u00e9 l\u2019ancien patron de la FED, Alan Greenspan, alors qu\u2019il \u00e9tait interrog\u00e9 par la Chambre des Repr\u00e9sentants en octobre 2008\u00a0: \u00ab\u00a0J\u2019ai trouv\u00e9 une faille dans l\u2019id\u00e9ologie capitaliste. Je ne sais pas \u00e0 quel point elle est significative ou durable, mais cela m\u2019a plong\u00e9 dans un grand d\u00e9sarroi\u00a0\u00bb. Celui qui a longtemps \u00e9t\u00e9 consid\u00e9r\u00e9 comme le \u00ab\u00a0grand sorcier\u00a0\u00bb de la finance a admis qu\u2019il \u00ab\u00a0avait eu tort de faire confiance au march\u00e9 pour r\u00e9guler le syst\u00e8me financier sans un contr\u00f4le suppl\u00e9mentaire du gouvernement\u00bb. On ne saurait \u00eatre plus clair. La concurrence doit \u00eatre r\u00e9gul\u00e9e et les app\u00e9tits pr\u00e9dateurs temp\u00e9r\u00e9s. Il ne s\u2019agit pas d\u2019\u00e9liminer la comp\u00e9tition, qui tant qu\u2019elle suscite une saine \u00e9mulation, pr\u00e9sente des vertus ind\u00e9niables mais d\u2019emp\u00eacher que la poursuite des int\u00e9r\u00eats personnels se fasse au d\u00e9triment de l\u2019int\u00e9r\u00eat collectif et des plus faibles.<\/p>\n<p>Le libre-\u00e9change a longtemps \u00e9t\u00e9 pens\u00e9 comme un rempart contre les conflits arm\u00e9s. Montesquieu n\u2019affirmait-il pas que \u00ab\u00a0l\u2019effet naturel du commerce est de porter \u00e0 la paix\u00a0\u00bb\u00a0? En 50 ans, le lib\u00e9ralisme a cependant produit tellement d\u2019exclus, de perdants et de d\u00e9g\u00e2ts environnementaux, qu\u2019il a r\u00e9ussi \u00e0 d\u00e9truire le tissu social et la matrice \u00e9cologique dans lequel il est ins\u00e9r\u00e9. L\u2019humanit\u00e9 aura ainsi \u00e9chapp\u00e9 (provisoirement) \u00e0 la guerre conventionnelle entre Etats pour mieux tomber dans le p\u00e9ril de la guerre civile et du cataclysme \u00e9cologique.<\/p>\n<p>Il devient urgent d\u2019abandonner la d\u00e9fense du pouvoir d\u2019achat, qui est le pr\u00e9texte au nom duquel on nous inflige toujours plus d\u2019ouverture des march\u00e9s. Le rem\u00e8de prescrit ne fait, en r\u00e9alit\u00e9, qu\u2019aggraver les sympt\u00f4mes. Car des prix plus bas, c\u2019est moins de salaires et moins d\u2019investissement, donc moins de demande globale. Et moins de demande, c\u2019est plus d\u2019injection de liquidit\u00e9s de la part des banques centrales pour relancer l\u2019activit\u00e9, et donc des prix immobiliers toujours plus \u00e9lev\u00e9s. Une des cons\u00e9quences directes de ce cocktail explosif est l\u2019envol\u00e9e du nombre des mal-log\u00e9s et sans abris. Ils seraient 3 millions en France et 14 millions aux Etats-Unis.<\/p>\n<p>Il y a un v\u00e9ritable aveuglement \u00e0 ne pas tirer les conclusions de cette divergence entre les indicateurs de bien-\u00eatre les plus \u00e9l\u00e9mentaires, y compris au sein des pays \u00e9mergents dont on nous vante l\u2019enrichissement, et la hausse continue des richesses produites dans le monde. Toutes les excuses sont bonnes pour pr\u00e9server le postulat de la sup\u00e9riorit\u00e9 des march\u00e9s dans l\u2019allocation efficace du capital et la maximisation de la satisfaction de chacun. La plus dangereuse d\u2019entre elles consiste \u00e0 expliquer les vicissitudes actuelles par l\u2019existence d\u2019entraves r\u00e9siduelles \u00e0 leur bon fonctionnement.<\/p>\n<p>Il est temps que les gouvernements et les institutions internationales substituent \u00e0 la d\u00e9fense du pouvoir d\u2019achat, et \u00e0 la voracit\u00e9 \u00e9rig\u00e9e en syst\u00e8me, l\u2019objectif de d\u00e9fense du pouvoir de gagner honorablement sa vie! Avec l\u2019interd\u00e9pendance des \u00e9conomies, plus aucun Etat n\u2019a son destin en main et ne peut apporter des solutions simples \u00e0 des probl\u00e8mes complexes. Chaque mesure prise isol\u00e9ment pour am\u00e9liorer le sort d\u2019un pays particulier peut avoir des effets pervers en retour dramatiques sur les autres. A l\u2019image de l\u2019OPEP, il nous faudrait une concertation internationale pour construire un nouvel ordre \u00e9conomique mondial autour de la question du juste prix\u00a0: le prix qui pr\u00e9serve l\u2019emploi, les ressources naturelles et qui assure des conditions de vie d\u00e9centes \u00e0 la population mondiale.<\/p>\n","protected":false},"excerpt":{"rendered":"<p>Les solutions partielles aux difficult\u00e9s actuelles vont accro\u00eetre les tensions et les divisions. Pour sortir de l\u2019impasse, il nous faudrait renoncer \u00e0 la d\u00e9fense du pouvoir d\u2019achat A l\u2019heure o\u00f9 les peuples manifestent leur col\u00e8re en votant pour des outsiders qui ont su canaliser leurs frustrations, le consensus mou qui&#8230;<\/p>\n","protected":false},"author":2,"featured_media":1013,"comment_status":"closed","ping_status":"closed","sticky":false,"template":"","format":"standard","meta":[],"categories":[13,20],"tags":[],"_links":{"self":[{"href":"http:\/\/www.veroniquenguyen.com\/en\/wp-json\/wp\/v2\/posts\/1012"}],"collection":[{"href":"http:\/\/www.veroniquenguyen.com\/en\/wp-json\/wp\/v2\/posts"}],"about":[{"href":"http:\/\/www.veroniquenguyen.com\/en\/wp-json\/wp\/v2\/types\/post"}],"author":[{"embeddable":true,"href":"http:\/\/www.veroniquenguyen.com\/en\/wp-json\/wp\/v2\/users\/2"}],"replies":[{"embeddable":true,"href":"http:\/\/www.veroniquenguyen.com\/en\/wp-json\/wp\/v2\/comments?post=1012"}],"version-history":[{"count":1,"href":"http:\/\/www.veroniquenguyen.com\/en\/wp-json\/wp\/v2\/posts\/1012\/revisions"}],"predecessor-version":[{"id":1014,"href":"http:\/\/www.veroniquenguyen.com\/en\/wp-json\/wp\/v2\/posts\/1012\/revisions\/1014"}],"wp:featuredmedia":[{"embeddable":true,"href":"http:\/\/www.veroniquenguyen.com\/en\/wp-json\/wp\/v2\/media\/1013"}],"wp:attachment":[{"href":"http:\/\/www.veroniquenguyen.com\/en\/wp-json\/wp\/v2\/media?parent=1012"}],"wp:term":[{"taxonomy":"category","embeddable":true,"href":"http:\/\/www.veroniquenguyen.com\/en\/wp-json\/wp\/v2\/categories?post=1012"},{"taxonomy":"post_tag","embeddable":true,"href":"http:\/\/www.veroniquenguyen.com\/en\/wp-json\/wp\/v2\/tags?post=1012"}],"curies":[{"name":"wp","href":"https:\/\/api.w.org\/{rel}","templated":true}]}}