{"id":1067,"date":"2017-03-11T22:17:58","date_gmt":"2017-03-11T21:17:58","guid":{"rendered":"http:\/\/www.veroniquenguyen.com\/?p=1067"},"modified":"2017-03-13T11:55:43","modified_gmt":"2017-03-13T10:55:43","slug":"insecurite-chronique-les-democraties-liberales-peuvent-elles-echapper-a-leur-destin","status":"publish","type":"post","link":"http:\/\/www.veroniquenguyen.com\/en\/insecurite-chronique-les-democraties-liberales-peuvent-elles-echapper-a-leur-destin\/vero\/11\/03\/2017\/","title":{"rendered":"Ins\u00e9curit\u00e9 chronique : les d\u00e9mocraties lib\u00e9rales peuvent-elles \u00e9chapper \u00e0 leur destin ?"},"content":{"rendered":"<p>Les d\u00e9mocraties lib\u00e9rales sont si imbues de leur sup\u00e9riorit\u00e9 qu\u2019elles n\u2019admettent pas que ce sont leurs insuffisances qui conduisent les \u00e9lecteurs \u00e0 voter en masse pour les candidats populistes. Plut\u00f4t que de r\u00e9fl\u00e9chir \u00e0 la mani\u00e8re dont elles ont fa\u00e7onn\u00e9 les conditions de leur propre rejet et dont elles pourraient se transformer, elles pr\u00e9f\u00e8rent couvrir d\u2019opprobre les critiques qu\u2019elles ne veulent pas entendre. Quand les r\u00e9gimes totalitaires ex\u00e9cutent les ennemis du peuple, les d\u00e9mocraties clouent au pilori les ennemis de la libert\u00e9 et de la prosp\u00e9rit\u00e9. Ne faut-il pas \u00eatre un odieux fasciste pour remettre en cause les principes qui nous ont conduits, depuis cinquante ans, vers toujours plus de paix et de progr\u00e8s?<\/p>\n<p>Les man\u0153uvres d\u2019intimidation des foules \u00e9gar\u00e9es par la minorit\u00e9 \u00ab\u00a0\u00e9clair\u00e9e\u00a0\u00bb ne font, non seulement plus le poids face aux souffrances du quotidien, mais elles pr\u00e9cipitent les \u00e9volutions qu\u2019elles voudraient pr\u00e9cis\u00e9ment \u00e9viter. Voyant leurs l\u00e9gitimes demandes m\u00e9pris\u00e9es ou ignor\u00e9es, les \u00e9lecteurs \u00ab\u00a0antisyst\u00e8me\u00a0\u00bb deviennent de plus en plus insensibles au glorieux triptyque lib\u00e9ral\u00a0: hausse ininterrompue du PIB, absence de conflit arm\u00e9 majeur, extension sans pr\u00e9c\u00e9dent des droits individuels. Que veulent donc ces masses obscurantistes qui ne sont pas combl\u00e9es par un syst\u00e8me pourtant conforme aux pr\u00e9conisations de l\u2019auto-proclam\u00e9e science \u00e9conomique?<\/p>\n<p>La s\u00e9curit\u00e9, tout simplement. Vivre sans peur est devenu un privil\u00e8ge. Une majorit\u00e9 d\u2019individus vit dans la crainte de ne pas avoir d\u2019emploi, de ne pas \u00eatre \u00e0 la hauteur, de ne pas r\u00e9ussir \u00e0 boucler ses fins de mois, de subir une agression ou, depuis peu, un attentat terroriste. Le ch\u00f4mage et le terrorisme constituent \u00e0 \u00e9galit\u00e9, chacun \u00e0 plus de 30%, la principale pr\u00e9occupation des Fran\u00e7ais (INSEE, 2016). La peur est une \u00e9motion contagieuse, qui affecte non seulement les victimes, qui vivent dans la hantise de la r\u00e9p\u00e9tition mais aussi les tiers, qui savent que les drames n\u2019arrivent pas qu\u2019aux autres. D\u2019apr\u00e8s les statistiques officielles, 40% de la population active fran\u00e7aise est stress\u00e9e (Agence nationale pour l&#8217;am\u00e9lioration des conditions de travail, 2009); 20% de la population fran\u00e7aise a ressenti de l\u2019ins\u00e9curit\u00e9 dans son quartier ou son village, 15% de la population a ressenti de l\u2019ins\u00e9curit\u00e9 \u00e0 son domicile (\u00ab Cadre de vie et s\u00e9curit\u00e9 \u00bb, INSEE, 2016). Ces enqu\u00eates sous-estiment vraisemblablement l\u2019ampleur de l\u2019ins\u00e9curit\u00e9 \u00e9conomique et physique, puisque selon le fameux biais de d\u00e9sirabilit\u00e9 sociale, c\u2019est \u00e0 contrec\u0153ur que l\u2019on avoue ses faiblesses et ses peurs.<\/p>\n<p>Quand on agr\u00e8ge le nombre des victimes fournies par l\u2019Observatoire National de la D\u00e9linquance et des R\u00e9ponses P\u00e9nales, on obtient des chiffres \u00e9tourdissants\u00a0: 13,5 millions de m\u00e9nages ont \u00e9t\u00e9 victimes en 2015, soit de cambriolages ou de tentatives de cambriolage, ou de vandalisme contre leur logement, ou de vols ou de tentatives de vol contre leur voiture, ou de vandalisme sur leur voiture, ou de retraits frauduleux sur leur compte bancaire, ou de vols avec ou sans violences et menaces, ou d\u2019insultes hors de leur m\u00e9nage, ou de violences physiques ou sexuelles, ce qui repr\u00e9sente une proportion invraisemblable de 47% des m\u00e9nages dont un des membres ou un des biens a \u00e9t\u00e9 la cible d\u2019une agression. M\u00eame en \u00e9cartant les insultes publiques (5,2 millions de cas tout de m\u00eame) et en admettant qu\u2019une proportion significative de malchanceux cumule les pr\u00e9judices, au moins 25% des m\u00e9nages fran\u00e7ais auront connu en 2015 une forme ou une autre d\u2019atteinte \u00e0 leur int\u00e9grit\u00e9.<\/p>\n<p>Examinons les causes profondes de ces deux formes d\u2019ins\u00e9curit\u00e9. La premi\u00e8re ins\u00e9curit\u00e9, \u00e9conomique, est m\u00e9thodiquement organis\u00e9e dans les \u00e9conomies lib\u00e9rales afin qu\u2019aucune position ne soit d\u00e9finitivement acquise et que chacun soit dans l\u2019inqui\u00e9tude permanente du lendemain. Hormis les heureux b\u00e9n\u00e9ficiaires de rentes de situation (apparatchiks, propri\u00e9taires fonciers, retrait\u00e9s cossus), tout individu ins\u00e9r\u00e9 dans ce syst\u00e8me de concurrence g\u00e9n\u00e9ralis\u00e9e doit d\u00e9montrer qu\u2019il cr\u00e9e suffisamment de valeur pour justifier sa place et son co\u00fbt. Il sait qu\u2019il peut perdre instantan\u00e9ment ses revenus au profit d\u2019un rival, originaire de son propre pays ou d\u2019un pays \u00e0 plus faible co\u00fbt de main d\u2019\u0153uvre.<\/p>\n<p>Les cadres, les ing\u00e9nieurs sont tout autant concern\u00e9s par les d\u00e9localisations que les emplois industriels non qualifi\u00e9s. Les comptables ont longtemps pu se consoler de la monotonie de leurs t\u00e2ches en caressant la certitude de toujours trouver un emploi. Cette \u00e8re est r\u00e9volue. La num\u00e9risation des documents et la fragmentation des chaines de valeur a conduit de nombreuses entreprises \u00e0 transf\u00e9rer leurs services comptables vers des centres de service partag\u00e9s en Europe centrale ou en Inde.<\/p>\n<p>Demain sera pire. Il sera impossible \u00e0 l\u2019\u00eatre humain de lutter contre les performances combin\u00e9es de la robotique et de l\u2019intelligence artificielle. Ceux qui croient na\u00efvement que la formation continue est la solution \u00e0 la perte d\u2019employabilit\u00e9 se leurrent. La croissance du progr\u00e8s technologique n\u2019est plus lin\u00e9aire mais exponentielle. Une remise \u00e0 niveau ou un recyclage ponctuel ne permettra, ni de rattraper l\u2019avance prise par les solutions de <em>machine learning<\/em> qui se sophistiquent \u00e0 chaque op\u00e9ration, ni de d\u00e9velopper une de ces nouvelles expertises en perp\u00e9tuelle red\u00e9finition, qui supposent d\u2019immenses acquis pr\u00e9alables.<\/p>\n<p>La deuxi\u00e8me ins\u00e9curit\u00e9, physique, illustre un principe bien \u00e9tabli dans le domaine du management. Le contr\u00f4le des individus dans les organisations est d\u2019autant plus efficace et d\u2019autant moins co\u00fbteux qu\u2019il repose sur des normes et des valeurs internalis\u00e9es. Quand les individus se contentent d\u2019un rapport int\u00e9ress\u00e9 et calculatoire, les comportements doivent \u00eatre r\u00e9gul\u00e9s par un syst\u00e8me de contr\u00f4le formel lourd et on\u00e9reux (syst\u00e8me d\u2019information, contr\u00f4leurs financiers, \u00e9valuations p\u00e9riodiques, contrats individuels, primes). Autrement dit, la performance d\u2019un ensemble d\u2019individus li\u00e9s moralement est sup\u00e9rieure \u00e0 celle d\u2019un groupe r\u00e9gi par l\u2019int\u00e9r\u00eat. L\u2019implication de ses membres est plus forte et le co\u00fbt de leur contr\u00f4le moins \u00e9lev\u00e9.<\/p>\n<p>En abandonnant le champ de la morale et en encourageant la libert\u00e9 sous toutes ses formes, les d\u00e9mocraties occidentales ont renonc\u00e9 aux vertus de la temp\u00e9rance et aux avantages de l\u2019auto-contr\u00f4le. Le co\u00fbt de surveillance, de sanction et d\u2019\u00e9ducation d\u2019individus aux pulsions d\u00e9brid\u00e9es, affranchis de toute conception du Bien, quand ils ne sont pas anim\u00e9s par la haine de leurs concitoyens, est exorbitant. Il est mat\u00e9riellement impossible de mettre un policier derri\u00e8re chaque citoyen, comme il est inenvisageable de multiplier les prisons pour incarc\u00e9rer tous les malfaiteurs av\u00e9r\u00e9s. Deux heures d\u2019instruction civique dispens\u00e9es ponctuellement par un enseignant sans l\u00e9gitimit\u00e9 ne peuvent pas compenser une \u00e9ducation familiale d\u00e9ficiente et plusieurs heures de consommation quotidienne de contenus vid\u00e9o qui c\u00e9l\u00e8brent la violence (physique et sexuelle), le narcissisme et la transgression.<\/p>\n<p>La suite est pr\u00e9visible et a \u00e9t\u00e9 parfaitement d\u00e9crite il y a plus de 2000 ans. On en per\u00e7oit d\u00e9j\u00e0 les pr\u00e9mices avec l\u2019\u00e9lection de Trump et la popularit\u00e9 grandissante de figures autoritaires qui r\u00e9pondent \u00e0 la demande de protection. Pour Platon, les d\u00e9mocraties sont des r\u00e9gimes imparfaits condamn\u00e9s \u00e0 d\u00e9g\u00e9n\u00e9rer en anarchie puis en tyrannie. La cit\u00e9 d\u00e9mocratique \u00ab\u00a0d\u00e9borde de libert\u00e9 et de franc-parler, et on y a licence de faire tout ce qu\u2019on veut\u00a0\u00bb\u00a0; \u00ab\u00a0l&#8217;homme [y est] plein de passions et d&#8217;app\u00e9tits, gouvern\u00e9 par les d\u00e9sirs superflus\u00a0\u00bb, \u00ab\u00a0l&#8217;anarchie est appel\u00e9e libert\u00e9, la d\u00e9bauche magnificence\u00bb. Cet exc\u00e8s de libert\u00e9 suscite des troubles et fait na\u00eetre le besoin d\u2019un \u00ab\u00a0protecteur\u00a0\u00bb. \u00ab\u00a0Dans les premiers jours, il sourit et fait bon accueil \u00e0 tous ceux qu&#8217;il rencontre, d\u00e9clare qu&#8217;il n&#8217;est pas un tyran, promet beaucoup en particulier et en public\u00bb. Quand le \u00ab\u00a0protecteur\u00a0\u00bb s&#8217;est \u00ab\u00a0d\u00e9barrass\u00e9 de ses ennemis\u00a0\u00bb, il se \u00ab\u00a0transforme en tyran\u00a0\u00bb. \u00ab\u00a0La tyrannie n&#8217;est donc issue d&#8217;aucun autre gouvernement que la d\u00e9mocratie, une libert\u00e9 extr\u00eame \u00e9tant suivie d&#8217;une extr\u00eame et cruelle servitude\u00bb (La R\u00e9publique, livre VIII).<\/p>\n<p>Cette trajectoire probable n\u2019est pas une fatalit\u00e9. Le probl\u00e8me n\u2019est pas tant l\u2019exc\u00e8s de libert\u00e9 que le d\u00e9faut de moralit\u00e9 et de pr\u00e9occupation pour le bien commun. Des mesures simples permettraient de freiner cette spirale descendante. Pour n\u2019en citer qu\u2019une, inspirons nous des nombreuses recherches qui d\u00e9montrent la nocivit\u00e9 de certaines images. Il serait hautement souhaitable de cesser de produire et de diffuser des contenus qui valorisent et banalisent la violence. Dans la m\u00eame veine, il faudrait interdire la pornographie qui ne cesse de franchir les fronti\u00e8res de l\u2019abject et qui normalise l\u2019avilissement de la femme. Quel homme politique aura le courage de s\u2019opposer \u00e0 la libert\u00e9 d\u2019expression et \u00e0 la course \u00e0 l\u2019audience pour mieux pr\u00e9server l\u2019humanit\u00e9 de ses d\u00e9mons?<\/p>\n","protected":false},"excerpt":{"rendered":"<p>Les d\u00e9mocraties lib\u00e9rales sont si imbues de leur sup\u00e9riorit\u00e9 qu\u2019elles n\u2019admettent pas que ce sont leurs insuffisances qui conduisent les \u00e9lecteurs \u00e0 voter en masse pour les candidats populistes. Plut\u00f4t que de r\u00e9fl\u00e9chir \u00e0 la mani\u00e8re dont elles ont fa\u00e7onn\u00e9 les conditions de leur propre rejet et dont elles pourraient&#8230;<\/p>\n","protected":false},"author":2,"featured_media":1065,"comment_status":"closed","ping_status":"closed","sticky":false,"template":"","format":"standard","meta":[],"categories":[20,23],"tags":[],"_links":{"self":[{"href":"http:\/\/www.veroniquenguyen.com\/en\/wp-json\/wp\/v2\/posts\/1067"}],"collection":[{"href":"http:\/\/www.veroniquenguyen.com\/en\/wp-json\/wp\/v2\/posts"}],"about":[{"href":"http:\/\/www.veroniquenguyen.com\/en\/wp-json\/wp\/v2\/types\/post"}],"author":[{"embeddable":true,"href":"http:\/\/www.veroniquenguyen.com\/en\/wp-json\/wp\/v2\/users\/2"}],"replies":[{"embeddable":true,"href":"http:\/\/www.veroniquenguyen.com\/en\/wp-json\/wp\/v2\/comments?post=1067"}],"version-history":[{"count":1,"href":"http:\/\/www.veroniquenguyen.com\/en\/wp-json\/wp\/v2\/posts\/1067\/revisions"}],"predecessor-version":[{"id":1068,"href":"http:\/\/www.veroniquenguyen.com\/en\/wp-json\/wp\/v2\/posts\/1067\/revisions\/1068"}],"wp:featuredmedia":[{"embeddable":true,"href":"http:\/\/www.veroniquenguyen.com\/en\/wp-json\/wp\/v2\/media\/1065"}],"wp:attachment":[{"href":"http:\/\/www.veroniquenguyen.com\/en\/wp-json\/wp\/v2\/media?parent=1067"}],"wp:term":[{"taxonomy":"category","embeddable":true,"href":"http:\/\/www.veroniquenguyen.com\/en\/wp-json\/wp\/v2\/categories?post=1067"},{"taxonomy":"post_tag","embeddable":true,"href":"http:\/\/www.veroniquenguyen.com\/en\/wp-json\/wp\/v2\/tags?post=1067"}],"curies":[{"name":"wp","href":"https:\/\/api.w.org\/{rel}","templated":true}]}}