{"id":1132,"date":"2017-12-27T19:04:26","date_gmt":"2017-12-27T18:04:26","guid":{"rendered":"http:\/\/www.veroniquenguyen.com\/?p=1132"},"modified":"2018-01-04T16:24:19","modified_gmt":"2018-01-04T15:24:19","slug":"stop-a-la-cretinerie-dune-certaine-pensee-positive","status":"publish","type":"post","link":"http:\/\/www.veroniquenguyen.com\/en\/stop-a-la-cretinerie-dune-certaine-pensee-positive\/vero\/27\/12\/2017\/","title":{"rendered":"Stop aux exc\u00e8s de la pens\u00e9e positive"},"content":{"rendered":"<p>\u00ab\u00a0Je suis un chef d\u2019\u0153uvre. J\u2019incarne le succ\u00e8s. Je suis riche. Je suis fort(e). Je suis victorieux(se). Je suis s\u00e9duisant(e). Je suis beau (belle). Je suis jeune. Je suis talentueux(se)\u00a0\u00bb. Voici les formules de programmation personnelle \u00e0 la r\u00e9ussite que pr\u00e9conisent de nombreux ouvrages de d\u00e9veloppement personnel ou vid\u00e9os qui pullulent sur Internet. Nous devrions nous r\u00e9p\u00e9ter en boucle ces mantras d\u2019auto-persuasion, les graver sur nos miroirs, les \u00e9crire sur de petits papiers cach\u00e9s dans nos sacs ou nos portefeuilles.<\/p>\n<p>Une telle glorification du moi, un tel encouragement au narcissisme n\u2019ont pas d\u2019\u00e9quivalent dans l\u2019histoire de l\u2019humanit\u00e9. Ils traduisent un individualisme triomphant et un effondrement du souci d\u2019autrui, qui n\u2019est pas \u00e9tranger \u00e0 la disparition progressive des pratiques \u00e9l\u00e9mentaires de civilit\u00e9 et de courtoisie. Pour quelles raisons l\u2019\u00eatre qui r\u00e9unit tant de qualit\u00e9s devrait-il en effet c\u00e9der sa place, s\u2019effacer, supporter un inconfort ou une frustration?<\/p>\n<p>Le drame est que ce conditionnement non seulement acc\u00e9l\u00e8re la marche collective vers l\u2019incivilit\u00e9 mais qu\u2019il ne permet pas aux individus qui le pratiquent de combler leur d\u00e9ficit initial d\u2019estime-de-soi. Aucune recherche n\u2019a jamais d\u00e9montr\u00e9 que la r\u00e9ussite d\u00e9pendait du nombre d\u2019affirmations magnifi\u00e9es de soi-m\u00eame. Au contraire, l\u2019histoire \u00e9conomique regorge de faillites fracassantes, brisant le destin de dirigeants satisfaits d\u2019eux-m\u00eames et se gargarisant de leur vision grandiose.<\/p>\n<p>Cinquante ans de recherche dans le domaine du management de la performance nous apprennent que l\u2019atteinte d\u2019objectifs difficiles n\u00e9cessite une appr\u00e9ciation juste de la situation (de soi-m\u00eame, de l\u2019environnement, des facteurs cl\u00e9s de succ\u00e8s), du chemin \u00e0 parcourir, ainsi que la d\u00e9finition d\u2019un plan d\u2019action et d\u2019indicateurs d\u2019avancement. Aux antipodes de la fatuit\u00e9, la condition premi\u00e8re de la r\u00e9ussite sociale est donc l\u2019humilit\u00e9 et la perception lucide de l\u2019\u00e9cart entre la situation actuelle et la situation souhait\u00e9e.<\/p>\n<p>Les individus qui suivent les pr\u00e9ceptes simplistes des gourous de la pens\u00e9e positive s\u2019\u00e9loignent en fait du contentement et du succ\u00e8s auxquels ils aspirent. Les d\u00e9mentis, que l\u2019existence ne manquera pas d\u2019infliger \u00e0 leurs assertions na\u00efvement performatives, seront per\u00e7us comme des anomalies ou des injustices et non comme des sources pr\u00e9cieuses d\u2019apprentissage. Face \u00e0 des revers qui auraient pu les faire progresser, nos narcisses oscilleront entre le d\u00e9ni et le d\u00e9lire (je maintiens ma construction mentale en d\u00e9pit des faits et des opinions tierces qui la contredisent) ou la d\u00e9pression (je ne suis pas \u00e0 la hauteur de l\u2019image id\u00e9alis\u00e9e de moi-m\u00eame).<\/p>\n<p>Alors que la course aux \u00ab\u00a0likes\u00a0\u00bb fait rage sur les r\u00e9seaux sociaux, il n\u2019est pas inutile de rappeler que l\u2019estime de soi ne devrait pas d\u00e9pendre d\u2019une quelconque forme de validation sociale ou conformit\u00e9 temporaire avec des crit\u00e8res discutables de d\u00e9sirabilit\u00e9 sociale. Plut\u00f4t que de s\u2019auto-convaincre que l\u2019on poss\u00e8de les qualit\u00e9s valoris\u00e9es par la foule, pourquoi ne pas essayer de se lib\u00e9rer d\u2019un fardeau inutile en cultivant l\u2019acceptation de soi et l\u2019indiff\u00e9rence \u00e0 l\u2019opinion d\u2019autrui\u00a0? Et si on \u00e9chappait \u00e0 la tyrannie du jugement permanent, en s\u2019aimant avec ses limites et en aimant les autres avec les leurs\u2026<\/p>\n","protected":false},"excerpt":{"rendered":"<p>\u00ab\u00a0Je suis un chef d\u2019\u0153uvre. J\u2019incarne le succ\u00e8s. Je suis riche. Je suis fort(e). Je suis victorieux(se). Je suis s\u00e9duisant(e). Je suis beau (belle). Je suis jeune. Je suis talentueux(se)\u00a0\u00bb. Voici les formules de programmation personnelle \u00e0 la r\u00e9ussite que pr\u00e9conisent de nombreux ouvrages de d\u00e9veloppement personnel ou vid\u00e9os qui&#8230;<\/p>\n","protected":false},"author":2,"featured_media":1130,"comment_status":"closed","ping_status":"closed","sticky":false,"template":"","format":"standard","meta":[],"categories":[20,23],"tags":[],"_links":{"self":[{"href":"http:\/\/www.veroniquenguyen.com\/en\/wp-json\/wp\/v2\/posts\/1132"}],"collection":[{"href":"http:\/\/www.veroniquenguyen.com\/en\/wp-json\/wp\/v2\/posts"}],"about":[{"href":"http:\/\/www.veroniquenguyen.com\/en\/wp-json\/wp\/v2\/types\/post"}],"author":[{"embeddable":true,"href":"http:\/\/www.veroniquenguyen.com\/en\/wp-json\/wp\/v2\/users\/2"}],"replies":[{"embeddable":true,"href":"http:\/\/www.veroniquenguyen.com\/en\/wp-json\/wp\/v2\/comments?post=1132"}],"version-history":[{"count":2,"href":"http:\/\/www.veroniquenguyen.com\/en\/wp-json\/wp\/v2\/posts\/1132\/revisions"}],"predecessor-version":[{"id":1136,"href":"http:\/\/www.veroniquenguyen.com\/en\/wp-json\/wp\/v2\/posts\/1132\/revisions\/1136"}],"wp:featuredmedia":[{"embeddable":true,"href":"http:\/\/www.veroniquenguyen.com\/en\/wp-json\/wp\/v2\/media\/1130"}],"wp:attachment":[{"href":"http:\/\/www.veroniquenguyen.com\/en\/wp-json\/wp\/v2\/media?parent=1132"}],"wp:term":[{"taxonomy":"category","embeddable":true,"href":"http:\/\/www.veroniquenguyen.com\/en\/wp-json\/wp\/v2\/categories?post=1132"},{"taxonomy":"post_tag","embeddable":true,"href":"http:\/\/www.veroniquenguyen.com\/en\/wp-json\/wp\/v2\/tags?post=1132"}],"curies":[{"name":"wp","href":"https:\/\/api.w.org\/{rel}","templated":true}]}}