{"id":1160,"date":"2018-02-06T10:17:49","date_gmt":"2018-02-06T09:17:49","guid":{"rendered":"http:\/\/www.veroniquenguyen.com\/?p=1160"},"modified":"2018-02-06T10:19:23","modified_gmt":"2018-02-06T09:19:23","slug":"la-polemique-pro-et-anti-feministes-a-la-lueur-de-leconomie-2","status":"publish","type":"post","link":"http:\/\/www.veroniquenguyen.com\/en\/la-polemique-pro-et-anti-feministes-a-la-lueur-de-leconomie-2\/vero\/06\/02\/2018\/","title":{"rendered":"La pol\u00e9mique pro et anti-f\u00e9ministes \u00e0 la lueur de l\u2019\u00e9conomie"},"content":{"rendered":"<p><a href=\"http:\/\/www.economiematin.fr\/news-la-polemique-pro-et-anti-feministes-a-la-lueur-de-l-economie\" target=\"_blank\">Economie Matin 05\/02\/2018<\/a><\/p>\n","protected":false},"excerpt":{"rendered":"<p>Economie Matin 05\/02\/2018<\/p>\n","protected":false},"author":2,"featured_media":1161,"comment_status":"open","ping_status":"open","sticky":false,"template":"","format":"standard","meta":[],"categories":[14,3],"tags":[],"_links":{"self":[{"href":"http:\/\/www.veroniquenguyen.com\/en\/wp-json\/wp\/v2\/posts\/1160"}],"collection":[{"href":"http:\/\/www.veroniquenguyen.com\/en\/wp-json\/wp\/v2\/posts"}],"about":[{"href":"http:\/\/www.veroniquenguyen.com\/en\/wp-json\/wp\/v2\/types\/post"}],"author":[{"embeddable":true,"href":"http:\/\/www.veroniquenguyen.com\/en\/wp-json\/wp\/v2\/users\/2"}],"replies":[{"embeddable":true,"href":"http:\/\/www.veroniquenguyen.com\/en\/wp-json\/wp\/v2\/comments?post=1160"}],"version-history":[{"count":2,"href":"http:\/\/www.veroniquenguyen.com\/en\/wp-json\/wp\/v2\/posts\/1160\/revisions"}],"predecessor-version":[{"id":1163,"href":"http:\/\/www.veroniquenguyen.com\/en\/wp-json\/wp\/v2\/posts\/1160\/revisions\/1163"}],"wp:featuredmedia":[{"embeddable":true,"href":"http:\/\/www.veroniquenguyen.com\/en\/wp-json\/wp\/v2\/media\/1161"}],"wp:attachment":[{"href":"http:\/\/www.veroniquenguyen.com\/en\/wp-json\/wp\/v2\/media?parent=1160"}],"wp:term":[{"taxonomy":"category","embeddable":true,"href":"http:\/\/www.veroniquenguyen.com\/en\/wp-json\/wp\/v2\/categories?post=1160"},{"taxonomy":"post_tag","embeddable":true,"href":"http:\/\/www.veroniquenguyen.com\/en\/wp-json\/wp\/v2\/tags?post=1160"}],"curies":[{"name":"wp","href":"https:\/\/api.w.org\/{rel}","templated":true}]}}