{"id":1223,"date":"2018-03-08T09:27:54","date_gmt":"2018-03-08T08:27:54","guid":{"rendered":"http:\/\/www.veroniquenguyen.com\/?p=1223"},"modified":"2018-03-08T09:29:22","modified_gmt":"2018-03-08T08:29:22","slug":"grand-bond-en-avant-europeen-macron-peut-il-encore-sauver-la-face","status":"publish","type":"post","link":"http:\/\/www.veroniquenguyen.com\/en\/grand-bond-en-avant-europeen-macron-peut-il-encore-sauver-la-face\/vero\/08\/03\/2018\/","title":{"rendered":"Grand bond en avant europ\u00e9en. Macron peut-il encore sauver la face ?"},"content":{"rendered":"<p>Plus de la moiti\u00e9 des Fran\u00e7ais sont eurosceptiques et attribuent le d\u00e9clin de leur pays et de leur niveau de vie (par rapport \u00e0 celui de leurs parents) \u00e0 l\u2019exc\u00e8s d\u2019\u00ab\u00a0Europe\u00a0\u00bb. Emmanuel Macron a profit\u00e9 paradoxalement de ce m\u00e9contentement pour conqu\u00e9rir le pouvoir, au nez et \u00e0 la barbe des deux grands partis de gouvernement traditionnels. Il pose pourtant le diagnostic exactement inverse, puisqu\u2019il attribue le d\u00e9senchantement de ses compatriotes aux imperfections de la construction europ\u00e9enne, qu\u2019il conviendrait de parachever (sans d\u2019ailleurs d\u00e9montrer comment une plus grande int\u00e9gration europ\u00e9enne am\u00e9liorerait la vie de ses concitoyens\u2026).<\/p>\n<p>Avec la fougue et l\u2019id\u00e9alisme de la jeunesse, le Pr\u00e9sident fran\u00e7ais tente donc depuis septembre 2017 d\u2019entra\u00eener ses partenaires europ\u00e9ens vers davantage d\u2019harmonisation, de solidarit\u00e9 et de convergence\u00a0; autrement dit, davantage de centralisation et de f\u00e9d\u00e9ralisme. Apr\u00e8s l\u2019\u00e9coute bienveillante des premiers mois, les revers cependant s\u2019accumulent. Depuis que le spectre du <em>Frexit<\/em>, dans le sillage du <em>Brexit <\/em>s\u2019est \u00e9loign\u00e9, les masques tombent et les pays membres r\u00e9v\u00e8lent leur farouche volont\u00e9 de d\u00e9fendre leur int\u00e9r\u00eat national en pr\u00e9servant le <em>status quo<\/em>.<\/p>\n<p>Rappelons les derniers rappels \u00e0 la dure r\u00e9alit\u00e9. Malgr\u00e9 les souhaits affich\u00e9s d\u2019Emmanuel Macron, les salaires des travailleurs d\u00e9tach\u00e9s continueront \u00e0 \u00eatre soumis aux cotisations de leur pays d\u2019origine\u00a0; il n\u2019y aura pas de listes transnationales aux \u00e9lections europ\u00e9ennes. Le pacte de coalition entre les deux partis de gouvernement allemands ne pr\u00e9voit aucun budget de l\u2019Eurozone, aucun imp\u00f4t europ\u00e9en le finan\u00e7ant, et encore moins de mutualisation des dettes. Le futur gouverneur de la BCE sera tr\u00e8s probablement Jens Weidmann, l\u2019actuel pr\u00e9sident de la Bundesbank, lequel mettra fin aux politiques mon\u00e9taires ultra-accommodantes, impopulaires en Allemagne. Et comme si le message n\u2019\u00e9tait pas assez clair, les ministres des finances de plusieurs pays europ\u00e9ens (Irlande, Lettonie, Lithuanie, Pays-bas, Su\u00e8de) se sont publiquement exprim\u00e9s le 6 mars 2018 contre les ambitions r\u00e9formatrices de la France.<\/p>\n<p>A ce sombre panorama, s\u2019ajoute la victoire des partis populistes et eurosceptiques en Italie, en Autriche et en R\u00e9publique Tch\u00e8que. Le Royaume-Uni est de son c\u00f4t\u00e9, en train de d\u00e9montrer que la participation \u00e0 l\u2019Union Europ\u00e9enne est r\u00e9versible, sans que son \u00e9conomie ne s\u2019effondre pour autant. Bref, Emmanuel Macron \u00e9volue \u00e0 contre-courant et il est peu probable qu\u2019il parvienne \u00e0 faire adh\u00e9rer les autres pays \u00e0 sa grande vision europ\u00e9enne. La pr\u00e9servation de l\u2019existant (la libre circulation des biens, des capitaux et des personnes, la monnaie commune, les m\u00e9canismes de soutien en cas de crise financi\u00e8re) semble \u00eatre le seul objectif qui puisse raisonnablement faire consensus.<\/p>\n<p>Tout porte ainsi \u00e0 croire qu\u2019Emmanuel Macron est en train de perdre son pari europ\u00e9en et qu\u2019il a mal anticip\u00e9 la vague de fond populiste, tout comme les r\u00e9sistances pr\u00e9visibles de certains Etats \u00e9go\u00efstes mais rationnels, qui n\u2019ont aucun int\u00e9r\u00eat \u00e0 mutualiser leurs richesses, tout en continuant \u00e0 exploiter les efforts coop\u00e9ratifs des autres membres. Comment peut-il encore sauver la face, en ne donnant pas l\u2019impression que son ing\u00e9nuit\u00e9 \u00e9t\u00e9 instrumentalis\u00e9e par Bruxelles pour lui faire mener les r\u00e9formes lib\u00e9rales qui sont demand\u00e9es \u00e0 la France depuis des ann\u00e9es? Le pr\u00e9sident Macron ressemble \u00e0 la Perrette de la fable, qui s\u2019en allait guillerette vendre son lait au march\u00e9, se d\u00e9lectant en imagination de sa fortune future, avant de tr\u00e9bucher et et de voir ses doux r\u00eaves an\u00e9antis.<\/p>\n<p><em>V\u00e9ronique Nguyen, 7 mars 2018<\/em><\/p>\n","protected":false},"excerpt":{"rendered":"<p>Plus de la moiti\u00e9 des Fran\u00e7ais sont eurosceptiques et attribuent le d\u00e9clin de leur pays et de leur niveau de vie (par rapport \u00e0 celui de leurs parents) \u00e0 l\u2019exc\u00e8s d\u2019\u00ab\u00a0Europe\u00a0\u00bb. Emmanuel Macron a profit\u00e9 paradoxalement de ce m\u00e9contentement pour conqu\u00e9rir le pouvoir, au nez et \u00e0 la barbe des&#8230;<\/p>\n","protected":false},"author":2,"featured_media":1225,"comment_status":"closed","ping_status":"closed","sticky":false,"template":"","format":"standard","meta":[],"categories":[20,23],"tags":[],"_links":{"self":[{"href":"http:\/\/www.veroniquenguyen.com\/en\/wp-json\/wp\/v2\/posts\/1223"}],"collection":[{"href":"http:\/\/www.veroniquenguyen.com\/en\/wp-json\/wp\/v2\/posts"}],"about":[{"href":"http:\/\/www.veroniquenguyen.com\/en\/wp-json\/wp\/v2\/types\/post"}],"author":[{"embeddable":true,"href":"http:\/\/www.veroniquenguyen.com\/en\/wp-json\/wp\/v2\/users\/2"}],"replies":[{"embeddable":true,"href":"http:\/\/www.veroniquenguyen.com\/en\/wp-json\/wp\/v2\/comments?post=1223"}],"version-history":[{"count":1,"href":"http:\/\/www.veroniquenguyen.com\/en\/wp-json\/wp\/v2\/posts\/1223\/revisions"}],"predecessor-version":[{"id":1227,"href":"http:\/\/www.veroniquenguyen.com\/en\/wp-json\/wp\/v2\/posts\/1223\/revisions\/1227"}],"wp:featuredmedia":[{"embeddable":true,"href":"http:\/\/www.veroniquenguyen.com\/en\/wp-json\/wp\/v2\/media\/1225"}],"wp:attachment":[{"href":"http:\/\/www.veroniquenguyen.com\/en\/wp-json\/wp\/v2\/media?parent=1223"}],"wp:term":[{"taxonomy":"category","embeddable":true,"href":"http:\/\/www.veroniquenguyen.com\/en\/wp-json\/wp\/v2\/categories?post=1223"},{"taxonomy":"post_tag","embeddable":true,"href":"http:\/\/www.veroniquenguyen.com\/en\/wp-json\/wp\/v2\/tags?post=1223"}],"curies":[{"name":"wp","href":"https:\/\/api.w.org\/{rel}","templated":true}]}}