{"id":1224,"date":"2018-03-08T09:25:19","date_gmt":"2018-03-08T08:25:19","guid":{"rendered":"http:\/\/www.veroniquenguyen.com\/?p=1224"},"modified":"2018-03-08T09:35:40","modified_gmt":"2018-03-08T08:35:40","slug":"reformer-leurope-le-reve-evanoui-demmanuel-macron","status":"publish","type":"post","link":"http:\/\/www.veroniquenguyen.com\/en\/reformer-leurope-le-reve-evanoui-demmanuel-macron\/vero\/08\/03\/2018\/","title":{"rendered":"R\u00e9former l&#8217;Europe : le r\u00eave \u00e9vanoui d&#8217;Emmanuel Macron ?"},"content":{"rendered":"<p><a href=\"http:\/\/www.lefigaro.fr\/vox\/politique\/2018\/03\/07\/31001-20180307ARTFIG00222-reformer-l-europe-le-reve-evanoui-d-emmanuel-macron.php\" target=\"_blank\" rel=\"noopener\">Le Figaro 7 mars 2018<\/a><\/p>\n","protected":false},"excerpt":{"rendered":"<p>Le Figaro 7 mars 2018<\/p>\n","protected":false},"author":2,"featured_media":1225,"comment_status":"closed","ping_status":"closed","sticky":false,"template":"","format":"standard","meta":[],"categories":[14,3],"tags":[],"_links":{"self":[{"href":"http:\/\/www.veroniquenguyen.com\/en\/wp-json\/wp\/v2\/posts\/1224"}],"collection":[{"href":"http:\/\/www.veroniquenguyen.com\/en\/wp-json\/wp\/v2\/posts"}],"about":[{"href":"http:\/\/www.veroniquenguyen.com\/en\/wp-json\/wp\/v2\/types\/post"}],"author":[{"embeddable":true,"href":"http:\/\/www.veroniquenguyen.com\/en\/wp-json\/wp\/v2\/users\/2"}],"replies":[{"embeddable":true,"href":"http:\/\/www.veroniquenguyen.com\/en\/wp-json\/wp\/v2\/comments?post=1224"}],"version-history":[{"count":2,"href":"http:\/\/www.veroniquenguyen.com\/en\/wp-json\/wp\/v2\/posts\/1224\/revisions"}],"predecessor-version":[{"id":1228,"href":"http:\/\/www.veroniquenguyen.com\/en\/wp-json\/wp\/v2\/posts\/1224\/revisions\/1228"}],"wp:featuredmedia":[{"embeddable":true,"href":"http:\/\/www.veroniquenguyen.com\/en\/wp-json\/wp\/v2\/media\/1225"}],"wp:attachment":[{"href":"http:\/\/www.veroniquenguyen.com\/en\/wp-json\/wp\/v2\/media?parent=1224"}],"wp:term":[{"taxonomy":"category","embeddable":true,"href":"http:\/\/www.veroniquenguyen.com\/en\/wp-json\/wp\/v2\/categories?post=1224"},{"taxonomy":"post_tag","embeddable":true,"href":"http:\/\/www.veroniquenguyen.com\/en\/wp-json\/wp\/v2\/tags?post=1224"}],"curies":[{"name":"wp","href":"https:\/\/api.w.org\/{rel}","templated":true}]}}