{"id":1262,"date":"2018-07-24T19:08:13","date_gmt":"2018-07-24T18:08:13","guid":{"rendered":"http:\/\/www.veroniquenguyen.com\/?p=1262"},"modified":"2023-03-28T14:55:15","modified_gmt":"2023-03-28T13:55:15","slug":"surhomme-ou-mort-vivant","status":"publish","type":"post","link":"http:\/\/www.veroniquenguyen.com\/en\/surhomme-ou-mort-vivant\/vero\/24\/07\/2018\/","title":{"rendered":"Surhomme ou mort-vivant ?"},"content":{"rendered":"<p>La derni\u00e8re lettre de Jeff Bezos aux actionnaires d\u2019Amazon trace la nouvelle ligne de partage de l\u2019humanit\u00e9\u00a0: d\u2019un c\u00f4t\u00e9, les surhommes devenus les nouveaux ma\u00eetres du monde, en dissimulant des prouesses technologiques derri\u00e8re l\u2019apparence de l\u2019\u00e9vidence\u00a0; de l\u2019autre c\u00f4t\u00e9, les asservis, fervents d\u00e9pendants des nouvelles facilit\u00e9s offertes par la technologie.<\/p>\n<p>Les surhommes d\u00e9ploient des prodiges d\u2019intelligence pour enchanter les d\u00e9tenteurs de pouvoir d\u2019achat, dans une logique de gratification imm\u00e9diate de leurs plus infimes d\u00e9sirs de consommation et de divertissement. Les surhommes font ainsi sans cesse reculer la fronti\u00e8re de l\u2019accessibilit\u00e9, afin d\u2019\u00f4ter \u00e0 leurs cong\u00e9n\u00e8res fortun\u00e9s le trouble de l\u2019attente, de l\u2019ennui, de la complication et du choix.<\/p>\n<p>Cette pointe avanc\u00e9e de l\u2019humanit\u00e9 surfe sur les vagues d\u2019innovation pour transformer l\u2019exceptionnel en <em>\u00ab\u00a0new normal\u00a0\u00bb<\/em>. Elle ne se contente pas de l\u2019excellence dans un champ pr\u00e9cis mais cherche \u00e0 projeter sa puissance dans une multitude de domaines vari\u00e9s. Bien que triomphante, elle a parfaitement conscience \u00ab\u00a0qu\u2019il peut exister des champs complets d\u2019activit\u00e9, dans lesquels [elle] ne sait m\u00eame pas que ses standards de performance sont faibles, voire non-existants, et certainement pas de classe mondiale\u00a0\u00bb. Elle \u00ab\u00a0 se fixe inlassablement des exigences \u00e9lev\u00e9es \u2013 que beaucoup consid\u00e8rent comme d\u00e9raisonnablement \u00e9lev\u00e9es\u00a0\u00bb (Jeff Bezos, 18 avril 2018). D\u00e9termin\u00e9e \u00e0 prouver l\u2019inanit\u00e9 des limites auxquelles les hommes se sont jusqu\u2019\u00e0 pr\u00e9sent heurt\u00e9s et qu\u2019ils ont eu la faiblesse de consid\u00e9rer comme ind\u00e9passables, elle offre au reste de l\u2019humanit\u00e9 la d\u00e9monstration \u00e9clatante de sa sup\u00e9riorit\u00e9.<\/p>\n<p>Face aux surhommes, les d\u00e9sabus\u00e9s de la comp\u00e9tition g\u00e9n\u00e9ralis\u00e9e constatent avec fatalisme qu\u2019ils ont \u00e9chou\u00e9 \u00e0 rejoindre l\u2019extr\u00e9mit\u00e9 droite de la courbe de distribution et les premi\u00e8res places dans l\u2019ordre de pr\u00e9s\u00e9ance. Ayant int\u00e9rioris\u00e9 les r\u00e8gles du jeu m\u00e9ritocratique, ils acceptent leur sort avec r\u00e9signation et se contentent d\u2019une \u00ab\u00a0rebelle attitude\u00a0\u00bb de fa\u00e7ade. Plut\u00f4t qu\u2019une action militante, ils pr\u00e9f\u00e8rent d\u00e9serter leur vie r\u00e9elle, en se r\u00e9fugiant dans des mondes parall\u00e8les. Ils vivent par procuration la vie de personnages de fiction\u00a0: s\u00e9ries t\u00e9l\u00e9, jeux vid\u00e9o et bient\u00f4t r\u00e9alit\u00e9 virtuelle immersive. Ou se recr\u00e9ent sur les r\u00e9seaux sociaux une vie magnifi\u00e9e \u00e0 partir de fragments \u00e9pars de leur vie r\u00e9elle. Ils sont devenus les passagers clandestins de leur propre vie car leur vraie vie est ailleurs. Leur corps physique est devenu le substrat mat\u00e9riel qui permet \u00e0 leur esprit d\u2019habiter la nu\u00e9e de mondes virtuels qui s\u2019offrent \u00e0 eux. A la fois vivants et absents, ce sont les morts-vivants de la modernit\u00e9.<\/p>\n<p>Quelles options reste-t-il \u00e0 ceux qui abhorrent tout autant la course \u00e0 la performance des surhommes que l\u2019\u00e9tiolement des morts-vivants\u00a0? Une voie possible est de devenir un <em>maker<\/em> au sens de la contre-culture californienne, c\u2019est-\u00e0-dire cr\u00e9er ses propres objets, en s\u2019appropriant la puissance des machines et de la technologie. Les <em>makers<\/em> tirent parti des possibilit\u00e9s ouvertes par la num\u00e9risation en termes de mod\u00e9lisation et d\u2019\u00e9change de fichiers, pour fabriquer au moyen d\u2019imprimantes 3D, de d\u00e9coupes laser, ou d\u2019autres machines moins digitales, des meubles, des robots, des jouets, des v\u00eatements, des proth\u00e8ses et m\u00eame des voitures. Ils se regroupent dans des tiers-lieu de type FabLab ou Makerspace, dans un esprit de collaboration et de partage, aux antipodes du consum\u00e9risme et de l\u2019individualisme dominants.<\/p>\n<p>Il n\u2019est nul besoin d\u2019\u00eatre un <em>maker<\/em> accompli pour pratiquer le \u00ab\u00a0faire\u00a0\u00bb\u00a0 au sens large, en cultivant, par exemple, son potager ou en recyclant des produits fabriqu\u00e9s industriellement. Loin d\u2019\u00eatre anecdotique, l\u2019ObSoCo (Observatoire Soci\u00e9t\u00e9 et Consommation) note un engouement des fran\u00e7ais pour le <em>\u00ab\u00a0faire\u00a0\u00bb<\/em>, malheureusement entrav\u00e9 par le manque de temps et d\u2019argent. L\u2019Observatoire du Faire de l\u2019ObSoCo estime \u00e0 87% la proportion de fran\u00e7ais qui pratiquent entre 5 et 10 fois par an une forme ou une autre de loisirs \u00ab actifs \u00bb, visant \u00e0 produire \u00ab\u00a0des artefacts physiques (le bricolage, le jardinage, la couture, la cuisine\u2026), des \u00ab \u0153uvres \u00bb (la composition, l\u2019\u00e9criture, la peinture\u2026), des performances (le th\u00e9\u00e2tre, la danse, le sport\u2026), voire des pens\u00e9es (la pri\u00e8re et la m\u00e9ditation) ou des actions (l\u2019engagement dans une cause)\u00a0\u00bb.<\/p>\n<p><em>Tech for Good<\/em>, tel \u00e9tait le nom du sommet auquel le gouvernement fran\u00e7ais avait convi\u00e9, le 23 mai 2018, les dirigeants des plus grandes entreprises technologiques mondiales. Critiquant cet adoubement \u00e9tatique, certains commentateurs s\u2019\u00e9taient alors \u00e9lev\u00e9s contre le \u00ab\u00a0<em>social washing<\/em>\u00a0\u00bb, c\u2019est-\u00e0-dire le blanchiment de la r\u00e9putation sociale des grands de la <em>Tech. <\/em>Il est vrai que l\u2019engagement de ces derniers en faveur du bien commun est sujet \u00e0 caution, et, en tout \u00e9tat de cause, subordonn\u00e9 aux int\u00e9r\u00eats bien compris de leurs actionnaires. Si Jeff Bezos pr\u00eache avec conviction qu\u2019\u00e0 long terme les int\u00e9r\u00eats des consommateurs et des investisseurs sont parfaitement align\u00e9s, ceux qui en doutent et qui ne comptent pas sur les GAFA (Google, Apple, Facebook et Amazon) pour rendre le monde meilleur, peuvent d\u2019ores et d\u00e9j\u00e0 rejoindre la communaut\u00e9 des <em>makers<\/em>\u00a0 et des <em>faiseurs<\/em>!<\/p>\n<p><em>V\u00e9ronique Nguyen, \u00a06 juillet 2018<\/em><\/p>\n","protected":false},"excerpt":{"rendered":"<p>La derni\u00e8re lettre de Jeff Bezos aux actionnaires d\u2019Amazon trace la nouvelle ligne de partage de l\u2019humanit\u00e9\u00a0: d\u2019un c\u00f4t\u00e9, les surhommes devenus les nouveaux ma\u00eetres du monde, en dissimulant des prouesses technologiques derri\u00e8re l\u2019apparence de l\u2019\u00e9vidence\u00a0; de l\u2019autre c\u00f4t\u00e9, les asservis, fervents d\u00e9pendants des nouvelles facilit\u00e9s offertes par la technologie&#8230;.<\/p>\n","protected":false},"author":2,"featured_media":1256,"comment_status":"closed","ping_status":"closed","sticky":false,"template":"","format":"standard","meta":[],"categories":[14,23],"tags":[],"_links":{"self":[{"href":"http:\/\/www.veroniquenguyen.com\/en\/wp-json\/wp\/v2\/posts\/1262"}],"collection":[{"href":"http:\/\/www.veroniquenguyen.com\/en\/wp-json\/wp\/v2\/posts"}],"about":[{"href":"http:\/\/www.veroniquenguyen.com\/en\/wp-json\/wp\/v2\/types\/post"}],"author":[{"embeddable":true,"href":"http:\/\/www.veroniquenguyen.com\/en\/wp-json\/wp\/v2\/users\/2"}],"replies":[{"embeddable":true,"href":"http:\/\/www.veroniquenguyen.com\/en\/wp-json\/wp\/v2\/comments?post=1262"}],"version-history":[{"count":2,"href":"http:\/\/www.veroniquenguyen.com\/en\/wp-json\/wp\/v2\/posts\/1262\/revisions"}],"predecessor-version":[{"id":1265,"href":"http:\/\/www.veroniquenguyen.com\/en\/wp-json\/wp\/v2\/posts\/1262\/revisions\/1265"}],"wp:featuredmedia":[{"embeddable":true,"href":"http:\/\/www.veroniquenguyen.com\/en\/wp-json\/wp\/v2\/media\/1256"}],"wp:attachment":[{"href":"http:\/\/www.veroniquenguyen.com\/en\/wp-json\/wp\/v2\/media?parent=1262"}],"wp:term":[{"taxonomy":"category","embeddable":true,"href":"http:\/\/www.veroniquenguyen.com\/en\/wp-json\/wp\/v2\/categories?post=1262"},{"taxonomy":"post_tag","embeddable":true,"href":"http:\/\/www.veroniquenguyen.com\/en\/wp-json\/wp\/v2\/tags?post=1262"}],"curies":[{"name":"wp","href":"https:\/\/api.w.org\/{rel}","templated":true}]}}