{"id":253,"date":"2013-09-01T18:19:34","date_gmt":"2013-09-01T17:19:34","guid":{"rendered":"http:\/\/www.veroniquenguyen.com\/?p=253"},"modified":"2017-03-13T12:05:53","modified_gmt":"2017-03-13T11:05:53","slug":"la-liberte-de-pensee-nest-pas-morte","status":"publish","type":"post","link":"http:\/\/www.veroniquenguyen.com\/en\/la-liberte-de-pensee-nest-pas-morte\/vero\/01\/09\/2013\/","title":{"rendered":"Fanstastique ! La libert\u00e9 de pens\u00e9e n&#8217;est pas morte"},"content":{"rendered":"<p>Un livre courageux, original et brillant; surtout lorsque l&#8217;on constate que l&#8217;auteur est professeur \u00e0 Hec. La libert\u00e9 de pens\u00e9e n&#8217;est pas morte. Un premier roman prometteur. Vivement les suivants.<\/p>\n","protected":false},"excerpt":{"rendered":"<p>Un livre courageux, original et brillant; surtout lorsque l&#8217;on constate que l&#8217;auteur est professeur \u00e0 Hec. La libert\u00e9 de pens\u00e9e n&#8217;est pas morte. Un premier roman prometteur. Vivement les suivants.<\/p>\n","protected":false},"author":2,"featured_media":0,"comment_status":"closed","ping_status":"closed","sticky":false,"template":"","format":"standard","meta":[],"categories":[4],"tags":[],"_links":{"self":[{"href":"http:\/\/www.veroniquenguyen.com\/en\/wp-json\/wp\/v2\/posts\/253"}],"collection":[{"href":"http:\/\/www.veroniquenguyen.com\/en\/wp-json\/wp\/v2\/posts"}],"about":[{"href":"http:\/\/www.veroniquenguyen.com\/en\/wp-json\/wp\/v2\/types\/post"}],"author":[{"embeddable":true,"href":"http:\/\/www.veroniquenguyen.com\/en\/wp-json\/wp\/v2\/users\/2"}],"replies":[{"embeddable":true,"href":"http:\/\/www.veroniquenguyen.com\/en\/wp-json\/wp\/v2\/comments?post=253"}],"version-history":[{"count":4,"href":"http:\/\/www.veroniquenguyen.com\/en\/wp-json\/wp\/v2\/posts\/253\/revisions"}],"predecessor-version":[{"id":267,"href":"http:\/\/www.veroniquenguyen.com\/en\/wp-json\/wp\/v2\/posts\/253\/revisions\/267"}],"wp:attachment":[{"href":"http:\/\/www.veroniquenguyen.com\/en\/wp-json\/wp\/v2\/media?parent=253"}],"wp:term":[{"taxonomy":"category","embeddable":true,"href":"http:\/\/www.veroniquenguyen.com\/en\/wp-json\/wp\/v2\/categories?post=253"},{"taxonomy":"post_tag","embeddable":true,"href":"http:\/\/www.veroniquenguyen.com\/en\/wp-json\/wp\/v2\/tags?post=253"}],"curies":[{"name":"wp","href":"https:\/\/api.w.org\/{rel}","templated":true}]}}