{"id":896,"date":"2016-02-15T12:48:46","date_gmt":"2016-02-15T11:48:46","guid":{"rendered":"http:\/\/www.veroniquenguyen.com\/?p=896"},"modified":"2017-03-13T12:08:01","modified_gmt":"2017-03-13T11:08:01","slug":"interview-points-de-vente-fevrier-2016","status":"publish","type":"post","link":"http:\/\/www.veroniquenguyen.com\/en\/interview-points-de-vente-fevrier-2016\/vero\/15\/02\/2016\/","title":{"rendered":"Interview Points de Vente, February 2016"},"content":{"rendered":"<strong>Beaucoup d&#8217;observateurs s&#8217;attendent \u00e0 ce que 2016 soit l&#8217;ann\u00e9e du r\u00e9pit pour la guerre des prix. Partagez-vous cette vision ? <\/strong><\/p>\n<p>V\u00e9ronique Nguyen : Non. Je pense peu probable que la tendance se retourne en 2016. Ce serait pourtant l&#8217;int\u00e9r\u00eat des groupes de la distribution, et c&#8217;est m\u00eame une volont\u00e9 de la BCE qui souhaite le retour de l&#8217;inflation. aucune enseigne ne pourra laisser ses concurrents lui prendre des parts de march\u00e9 gr\u00e2ce \u00e0 des prix plus agressifs. La rivalit\u00e9 entre acteurs continuera \u00e0 se jouer sur le terrain des prix, au d\u00e9triment de leur profitabilit\u00e9.<\/p>\n<p><strong>Pourtant, il y a bien une limite physique au-del\u00e0 de laquelle les enseignes ne pourront pas aller ? Les marges, tr\u00e8s faibles, ne peuvent pas \u00eatre rogn\u00e9es \u00e0 l&#8217;infini ?<\/strong><\/p>\n<p>V\u00e9ronique Nguyen : Les premi\u00e8res victimes de la guerre des prix, ce ne sont pas les distributeurs, ce sont les fournisseurs qui doivent supporter une pression sur les prix toujours plus forte. Et si certains fournisseurs de produits incontournables peuvent refuser de \u00ab\u00a0casser leurs prix\u00a0\u00bb , en prenant le risque de perdre des ventes, les producteurs de \u00ab\u00a0commodit\u00e9s\u00a0\u00bb, c\u2019est-\u00e0-dire de produits non diff\u00e9renci\u00e9s, doivent encaisser le choc. Les enseignes qui, sont en position de force dans la cha\u00eene de valeur, feront toujours trinquer les plus faibles\u00a0!<\/p>\n<p><strong>Aucune enseigne n&#8217;a int\u00e9r\u00eat \u00e0 cette guerre des prix, qui ne change m\u00eame pas la hi\u00e9rarchie.<\/strong><strong> Pourquoi est-il alors inenvisageable de trouver une porte de sortie ?<\/strong><\/p>\n<p>V\u00e9ronique Nguyen : En raison du dogme lib\u00e9ral qui sous-tend la construction europ\u00e9enne. Le droit de la concurrence d\u00e9fend le consommateur en lui assurant que le libre jeu de la concurrence tirera les prix vers le bas. Certains ministres fran\u00e7ais, notamment Montebourg, avaient bien compris que les entreprises livr\u00e9es \u00e0 elles-m\u00eames ne pouvaient enrayer seules cette spirale baissi\u00e8re, qui se traduisait forc\u00e9ment par des morts et une consolidation du secteur.<\/p>\n<p><a href=\"http:\/\/www.veroniquenguyen.com\/wp-content\/uploads\/2016\/02\/VeroniqueNguyen-Points-de-vente.pdf\" rel=\"\">La Guerre des Prix, L&#8217;inconnue de 2016, Points de Vente, F\u00e9vrier 2016<\/a><\/p>\n<p>&nbsp;<\/p>\n<p>&nbsp;<\/p>\n<p>&nbsp;<\/p>\n<p>&nbsp;<\/p>\n<p>&nbsp;","protected":false},"excerpt":{"rendered":"<p>Beaucoup d&#8217;observateurs s&#8217;attendent \u00e0 ce que 2016 soit l&#8217;ann\u00e9e du r\u00e9pit pour la guerre des prix. Partagez-vous cette vision ? V\u00e9ronique Nguyen : Non. Je pense peu probable que la tendance se retourne en 2016. Ce serait pourtant l&#8217;int\u00e9r\u00eat des groupes de la distribution, et c&#8217;est m\u00eame une volont\u00e9 de&#8230;<\/p>\n","protected":false},"author":2,"featured_media":0,"comment_status":"closed","ping_status":"closed","sticky":false,"template":"","format":"standard","meta":[],"categories":[14,3,6],"tags":[],"_links":{"self":[{"href":"http:\/\/www.veroniquenguyen.com\/en\/wp-json\/wp\/v2\/posts\/896"}],"collection":[{"href":"http:\/\/www.veroniquenguyen.com\/en\/wp-json\/wp\/v2\/posts"}],"about":[{"href":"http:\/\/www.veroniquenguyen.com\/en\/wp-json\/wp\/v2\/types\/post"}],"author":[{"embeddable":true,"href":"http:\/\/www.veroniquenguyen.com\/en\/wp-json\/wp\/v2\/users\/2"}],"replies":[{"embeddable":true,"href":"http:\/\/www.veroniquenguyen.com\/en\/wp-json\/wp\/v2\/comments?post=896"}],"version-history":[{"count":2,"href":"http:\/\/www.veroniquenguyen.com\/en\/wp-json\/wp\/v2\/posts\/896\/revisions"}],"predecessor-version":[{"id":899,"href":"http:\/\/www.veroniquenguyen.com\/en\/wp-json\/wp\/v2\/posts\/896\/revisions\/899"}],"wp:attachment":[{"href":"http:\/\/www.veroniquenguyen.com\/en\/wp-json\/wp\/v2\/media?parent=896"}],"wp:term":[{"taxonomy":"category","embeddable":true,"href":"http:\/\/www.veroniquenguyen.com\/en\/wp-json\/wp\/v2\/categories?post=896"},{"taxonomy":"post_tag","embeddable":true,"href":"http:\/\/www.veroniquenguyen.com\/en\/wp-json\/wp\/v2\/tags?post=896"}],"curies":[{"name":"wp","href":"https:\/\/api.w.org\/{rel}","templated":true}]}}