{"id":928,"date":"2016-07-01T17:43:49","date_gmt":"2016-07-01T16:43:49","guid":{"rendered":"http:\/\/www.veroniquenguyen.com\/?p=928"},"modified":"2017-03-13T11:59:43","modified_gmt":"2017-03-13T10:59:43","slug":"comment-leurope-a-organise-la-pauperisation-de-ses-classes-moyennes-2","status":"publish","type":"post","link":"http:\/\/www.veroniquenguyen.com\/en\/comment-leurope-a-organise-la-pauperisation-de-ses-classes-moyennes-2\/vero\/01\/07\/2016\/","title":{"rendered":"Comment l\u2019Europe a organis\u00e9 la paup\u00e9risation de ses classes moyennes"},"content":{"rendered":"<p>La paup\u00e9risation des classes moyennes, le d\u00e9classement de leurs franges inf\u00e9rieures, la pr\u00e9carisation et l\u2019ins\u00e9curit\u00e9 sociale, la polarisation de la soci\u00e9t\u00e9 avec la mont\u00e9e des in\u00e9galit\u00e9s, sont des faits \u00e9tablis dans tous les pays occidentaux (cf. les Cahiers Fran\u00e7ais, Janvier 2014). Entre 1980 et 2010, les Anglais ont ainsi vu le nombre de m\u00e9nages pauvres augmenter de 60%, les m\u00e9nages riches progresser de 33%, alors que le nombre de m\u00e9nages aux revenus moyens diminuait de 27% (<em>The Gardian<\/em>, 7 mars 2015).<\/p>\n<p>En trente ans, l\u2019Union Europ\u00e9enne a d\u00e9lib\u00e9r\u00e9ment sabord\u00e9 son mod\u00e8le social, sans m\u00eame avoir la satisfaction de contribuer \u00e0 la diminution des in\u00e9galit\u00e9s sur la plan\u00e8te. Le coefficient de Gini, qui mesure l\u2019in\u00e9galit\u00e9 dans le monde sur une \u00e9chelle de 0 \u00e0 1, est rest\u00e9 fig\u00e9 \u00e0 un niveau \u00e9lev\u00e9 de 0,7, et ceci malgr\u00e9 la hausse ininterrompue de la richesse produite. Entre 1988 et 2008, la moiti\u00e9 de la population mondiale a certes vu son revenu moyen progresser (entre +2% et +3% par an) mais une minorit\u00e9 de privil\u00e9gi\u00e9s s\u2019est accapar\u00e9e l\u2019essentiel des b\u00e9n\u00e9fices de la croissance (Banque Mondiale, novembre 2012). Autrement dit, le sacrifice des classes moyennes europ\u00e9ennes et nord-am\u00e9ricaines n\u2019a pas servi \u00e0 cr\u00e9er une gigantesque classe moyenne mondiale.<\/p>\n<p>En imposant le libre-\u00e9change, en g\u00e9n\u00e9ralisant la concurrence \u00e0 toutes les activit\u00e9s, en refusant de prot\u00e9ger ses industries, m\u00eame contre les pratiques les plus d\u00e9loyales, comme nous l\u2019avons montr\u00e9 dans le <a href=\"http:\/\/premium.lefigaro.fr\/vox\/economie\/2016\/02\/03\/31007-20160203ARTFIG00286-bruxelles-pourquoi-l-europe-ne-fabrique-plus-de-televiseurs.php\">cas embl\u00e9matique des t\u00e9l\u00e9viseurs<\/a> (Figaro du 3 f\u00e9vrier 2016), l\u2019Europe a organis\u00e9 un incroyable transfert de richesses de la moiti\u00e9 de sa population vers la frange des 15% les plus fortun\u00e9s des pays \u00e9mergents. Il \u00e9tait illusoire de croire que les bienfaits de la croissance allaient se r\u00e9pandre dans toutes les couches de ces soci\u00e9t\u00e9s. Les nantis de ces nouveaux pays riches n\u2019avaient aucun int\u00e9r\u00eat \u00e0 laisser monter les salaires de leurs compatriotes, s\u2019ils souhaitaient pr\u00e9server leur avantage de co\u00fbts dans la comp\u00e9tition mondiale.<\/p>\n<p>Quant aux entreprises europ\u00e9ennes confront\u00e9es \u00e0 cette hyper-comp\u00e9tition, deux voies s\u2019offraient \u00e0 elles, afin de ne pas \u00eatre balay\u00e9es par leurs concurrents \u00e0 bas prix. Soit elles cultivaient un avantage de co\u00fbts qui leur permettait de r\u00e9sister aux offensives sur les prix, soit elles d\u00e9veloppaient leur capacit\u00e9 \u00e0 faire payer un premium pour leur marque, leur qualit\u00e9 ou leur innovation. Dans la course aux prix les plus bas, les entreprises occidentales partaient avec un handicap majeur, li\u00e9 au co\u00fbt de leurs employ\u00e9s, \u00e0 la fiscalit\u00e9 et aux contraintes environnementales. Il leur a donc \u00e9t\u00e9 tr\u00e8s difficile de mettre en \u0153uvre des strat\u00e9gies de domination par les co\u00fbts, sauf \u00e0 d\u00e9localiser leur production\u2026. Restait enfin la voie de la diff\u00e9renciation, pour tous les produits ou services qui n\u2019\u00e9taient pas devenus des \u00ab\u00a0commodit\u00e9s\u00a0\u00bb. Certaines entreprises, majoritairement implant\u00e9es en Europe du Nord, sont ainsi parvenues \u00e0 r\u00e9percuter leurs surco\u00fbts \u00e0 leurs clients, \u00e0 l\u2019image de la machine-outil allemande. Au total, les secteurs pourvoyeurs d\u2019emploi en Europe appartiennent aujourd\u2019hui \u00e0 deux cat\u00e9gories\u00a0: les activit\u00e9s non d\u00e9localisables (presque tous les services mais aussi le BTP) et celles qui ont r\u00e9ussi \u00e0 \u00e9chapper \u00e0 la guerre des prix gr\u00e2ce \u00e0 leur diff\u00e9rence.<\/p>\n<p>Certains pays europ\u00e9ens, au premier rang desquels l\u2019Allemagne, ont clairement r\u00e9ussi leur strat\u00e9gie de diff\u00e9renciation et ont maintenu la part de l\u2019industrie dans leur PIB \u00e0 plus de 30% (contrairement \u00e0 la France ou au Royaume-Uni). Pour les autres, la mondialisation s\u2019est traduite par une d\u00e9sindustrialisation et un appauvrissement. Les tribulations des classes moyennes europ\u00e9ennes ne se limitent malheureusement pas \u00e0 la destruction de l\u2019emploi industriel, au sur-travail qui doit \u00eatre fourni pour \u00ab\u00a0garder son job\u00a0\u00bb, au sous-travail contraint, ou \u00e0 la pression sur les salaires. Elles ont \u00e9t\u00e9 aggrav\u00e9es par les politiques mon\u00e9taires de baisse des taux d\u2019int\u00e9r\u00eat qui ont fait flamber les prix immobiliers depuis le d\u00e9but des ann\u00e9es 2000.<\/p>\n<p>Pour lutter contre les d\u00e9g\u00e2ts que les politiques d\u2019intensification de la concurrence avaient volontairement caus\u00e9s (d\u00e9sindustrialisation et baisse des profits pour toutes les entreprises qui ne jouissaient pas d\u2019un avantage comp\u00e9titif ou d\u2019une rente de situation), la Banque Centrale Europ\u00e9enne a men\u00e9 des politiques de soutien \u00e0 l\u2019activit\u00e9, en baissant les taux d\u2019int\u00e9r\u00eat, jusqu\u2019\u00e0 les laisser sombrer en territoire n\u00e9gatif. Comme si le chef Sioux, apr\u00e8s que ses valeureux archers aient \u00e9t\u00e9 d\u00e9cim\u00e9s par l\u2019artillerie am\u00e9ricaine, offraient aux survivants du bois \u00e0 profusion pour qu\u2019ils reconstituent leur stock de fl\u00e8ches et repartent au combat.<\/p>\n<p>Nous ne sommes pas dans Avatar. Ces mesures ont manqu\u00e9, de fa\u00e7on pr\u00e9visible, leur objectif initial qui \u00e9tait le financement de l\u2019investissement productif (devenu insuffisamment rentable ou trop risqu\u00e9), mais aliment\u00e9 diff\u00e9rentes bulles, dont la bulle immobili\u00e8re. Cons\u00e9quence\u00a0: sauf chez les gagnants de la mondialisation, les classes moyennes ont non seulement de plus en plus de mal \u00e0 trouver un emploi correctement r\u00e9mun\u00e9r\u00e9, mais elles ont de plus en plus de mal \u00e0 se loger. Il n\u2019est gu\u00e8re surprenant qu\u2019elles expriment leur col\u00e8re et leur volont\u00e9 de stopper la dynamique \u00e0 l\u2019\u0153uvre avec des votes iconoclastes, qui laissent les \u00e9lites m\u00e9dus\u00e9es.<\/p>\n","protected":false},"excerpt":{"rendered":"<p>La paup\u00e9risation des classes moyennes, le d\u00e9classement de leurs franges inf\u00e9rieures, la pr\u00e9carisation et l\u2019ins\u00e9curit\u00e9 sociale, la polarisation de la soci\u00e9t\u00e9 avec la mont\u00e9e des in\u00e9galit\u00e9s, sont des faits \u00e9tablis dans tous les pays occidentaux (cf. les Cahiers Fran\u00e7ais, Janvier 2014). Entre 1980 et 2010, les Anglais ont ainsi vu&#8230;<\/p>\n","protected":false},"author":2,"featured_media":929,"comment_status":"closed","ping_status":"closed","sticky":false,"template":"","format":"standard","meta":[],"categories":[13,20],"tags":[],"_links":{"self":[{"href":"http:\/\/www.veroniquenguyen.com\/en\/wp-json\/wp\/v2\/posts\/928"}],"collection":[{"href":"http:\/\/www.veroniquenguyen.com\/en\/wp-json\/wp\/v2\/posts"}],"about":[{"href":"http:\/\/www.veroniquenguyen.com\/en\/wp-json\/wp\/v2\/types\/post"}],"author":[{"embeddable":true,"href":"http:\/\/www.veroniquenguyen.com\/en\/wp-json\/wp\/v2\/users\/2"}],"replies":[{"embeddable":true,"href":"http:\/\/www.veroniquenguyen.com\/en\/wp-json\/wp\/v2\/comments?post=928"}],"version-history":[{"count":1,"href":"http:\/\/www.veroniquenguyen.com\/en\/wp-json\/wp\/v2\/posts\/928\/revisions"}],"predecessor-version":[{"id":930,"href":"http:\/\/www.veroniquenguyen.com\/en\/wp-json\/wp\/v2\/posts\/928\/revisions\/930"}],"wp:featuredmedia":[{"embeddable":true,"href":"http:\/\/www.veroniquenguyen.com\/en\/wp-json\/wp\/v2\/media\/929"}],"wp:attachment":[{"href":"http:\/\/www.veroniquenguyen.com\/en\/wp-json\/wp\/v2\/media?parent=928"}],"wp:term":[{"taxonomy":"category","embeddable":true,"href":"http:\/\/www.veroniquenguyen.com\/en\/wp-json\/wp\/v2\/categories?post=928"},{"taxonomy":"post_tag","embeddable":true,"href":"http:\/\/www.veroniquenguyen.com\/en\/wp-json\/wp\/v2\/tags?post=928"}],"curies":[{"name":"wp","href":"https:\/\/api.w.org\/{rel}","templated":true}]}}