{"id":953,"date":"2016-09-23T15:42:59","date_gmt":"2016-09-23T14:42:59","guid":{"rendered":"http:\/\/www.veroniquenguyen.com\/?p=953"},"modified":"2017-03-13T11:59:10","modified_gmt":"2017-03-13T10:59:10","slug":"lesprit-frenchtech-ou-le-reve-fou-de-la-troisieme-revolution-industrielle","status":"publish","type":"post","link":"http:\/\/www.veroniquenguyen.com\/en\/lesprit-frenchtech-ou-le-reve-fou-de-la-troisieme-revolution-industrielle\/vero\/23\/09\/2016\/","title":{"rendered":"L&#8217;esprit FrenchTech ou le r\u00eave fou de la Troisi\u00e8me r\u00e9volution industrielle"},"content":{"rendered":"<p><a href=\"http:\/\/www.lefigaro.fr\/vox\/economie\/2016\/09\/22\/31007-20160922ARTFIG00115-l-esprit-frenchtechou-le-reve-fou-de-la-troisieme-revolution-industrielle.php\">Article paru dans Le Figaro du 22 septembre 2016<\/a><\/p>\n","protected":false},"excerpt":{"rendered":"<p>Article paru dans Le Figaro du 22 septembre 2016<\/p>\n","protected":false},"author":2,"featured_media":0,"comment_status":"closed","ping_status":"closed","sticky":false,"template":"","format":"standard","meta":[],"categories":[14,3],"tags":[],"_links":{"self":[{"href":"http:\/\/www.veroniquenguyen.com\/en\/wp-json\/wp\/v2\/posts\/953"}],"collection":[{"href":"http:\/\/www.veroniquenguyen.com\/en\/wp-json\/wp\/v2\/posts"}],"about":[{"href":"http:\/\/www.veroniquenguyen.com\/en\/wp-json\/wp\/v2\/types\/post"}],"author":[{"embeddable":true,"href":"http:\/\/www.veroniquenguyen.com\/en\/wp-json\/wp\/v2\/users\/2"}],"replies":[{"embeddable":true,"href":"http:\/\/www.veroniquenguyen.com\/en\/wp-json\/wp\/v2\/comments?post=953"}],"version-history":[{"count":1,"href":"http:\/\/www.veroniquenguyen.com\/en\/wp-json\/wp\/v2\/posts\/953\/revisions"}],"predecessor-version":[{"id":954,"href":"http:\/\/www.veroniquenguyen.com\/en\/wp-json\/wp\/v2\/posts\/953\/revisions\/954"}],"wp:attachment":[{"href":"http:\/\/www.veroniquenguyen.com\/en\/wp-json\/wp\/v2\/media?parent=953"}],"wp:term":[{"taxonomy":"category","embeddable":true,"href":"http:\/\/www.veroniquenguyen.com\/en\/wp-json\/wp\/v2\/categories?post=953"},{"taxonomy":"post_tag","embeddable":true,"href":"http:\/\/www.veroniquenguyen.com\/en\/wp-json\/wp\/v2\/tags?post=953"}],"curies":[{"name":"wp","href":"https:\/\/api.w.org\/{rel}","templated":true}]}}