{"id":986,"date":"2016-11-07T19:38:26","date_gmt":"2016-11-07T18:38:26","guid":{"rendered":"http:\/\/www.veroniquenguyen.com\/?p=986"},"modified":"2017-03-13T11:57:52","modified_gmt":"2017-03-13T10:57:52","slug":"start-ups-et-french-tech-derriere-lecran-de-fumee","status":"publish","type":"post","link":"http:\/\/www.veroniquenguyen.com\/en\/start-ups-et-french-tech-derriere-lecran-de-fumee\/vero\/07\/11\/2016\/","title":{"rendered":"Start-ups et French tech : derri\u00e8re l&#8217;\u00e9cran de fum\u00e9e"},"content":{"rendered":"<p><a href=\"http:\/\/www.xerficanal-economie.com\/emission\/Veronique-Nguyen-Veronique-Nguyen-Start-ups-et-French-tech-derriere-l-ecran-de-fumee-5547_3744182.html?utm_source=Mod%E8le%20diffusion%20Xerfi%20Canal&amp;utm_medium=email&amp;utm_campaign=XC071116\">Interview Xerfi 25\/10\/2016<\/a><\/p>\n","protected":false},"excerpt":{"rendered":"<p>Interview Xerfi 25\/10\/2016<\/p>\n","protected":false},"author":2,"featured_media":990,"comment_status":"closed","ping_status":"closed","sticky":false,"template":"","format":"standard","meta":[],"categories":[14,3],"tags":[],"_links":{"self":[{"href":"http:\/\/www.veroniquenguyen.com\/en\/wp-json\/wp\/v2\/posts\/986"}],"collection":[{"href":"http:\/\/www.veroniquenguyen.com\/en\/wp-json\/wp\/v2\/posts"}],"about":[{"href":"http:\/\/www.veroniquenguyen.com\/en\/wp-json\/wp\/v2\/types\/post"}],"author":[{"embeddable":true,"href":"http:\/\/www.veroniquenguyen.com\/en\/wp-json\/wp\/v2\/users\/2"}],"replies":[{"embeddable":true,"href":"http:\/\/www.veroniquenguyen.com\/en\/wp-json\/wp\/v2\/comments?post=986"}],"version-history":[{"count":1,"href":"http:\/\/www.veroniquenguyen.com\/en\/wp-json\/wp\/v2\/posts\/986\/revisions"}],"predecessor-version":[{"id":987,"href":"http:\/\/www.veroniquenguyen.com\/en\/wp-json\/wp\/v2\/posts\/986\/revisions\/987"}],"wp:featuredmedia":[{"embeddable":true,"href":"http:\/\/www.veroniquenguyen.com\/en\/wp-json\/wp\/v2\/media\/990"}],"wp:attachment":[{"href":"http:\/\/www.veroniquenguyen.com\/en\/wp-json\/wp\/v2\/media?parent=986"}],"wp:term":[{"taxonomy":"category","embeddable":true,"href":"http:\/\/www.veroniquenguyen.com\/en\/wp-json\/wp\/v2\/categories?post=986"},{"taxonomy":"post_tag","embeddable":true,"href":"http:\/\/www.veroniquenguyen.com\/en\/wp-json\/wp\/v2\/tags?post=986"}],"curies":[{"name":"wp","href":"https:\/\/api.w.org\/{rel}","templated":true}]}}